{"id":2096,"date":"2025-11-20T11:24:39","date_gmt":"2025-11-20T11:24:39","guid":{"rendered":"https:\/\/www.coorigines-production.fr\/?p=2096"},"modified":"2025-11-20T11:24:39","modified_gmt":"2025-11-20T11:24:39","slug":"from-ground-zero-en-avant-premiere-a-rennes-2","status":"publish","type":"post","link":"https:\/\/www.coorigines-production.fr\/en\/from-ground-zero-en-avant-premiere-a-rennes-2\/","title":{"rendered":"From Ground en avant premi\u00e8re \u00e0 Rennes"},"content":{"rendered":"<div data-elementor-type=\"wp-post\" data-elementor-id=\"2096\" class=\"elementor elementor-2096\" data-elementor-post-type=\"post\">\n\t\t\t\t<div class=\"elementor-element elementor-element-b7ec7b7 e-flex e-con-boxed e-con e-parent\" data-id=\"b7ec7b7\" data-element_type=\"container\">\n\t\t\t\t\t<div class=\"e-con-inner\">\n\t\t\t\t<div class=\"elementor-element elementor-element-b018661 elementor-widget elementor-widget-text-editor\" data-id=\"b018661\" data-element_type=\"widget\" data-widget_type=\"text-editor.default\">\n\t\t\t\t<div class=\"elementor-widget-container\">\n\t\t\t<style>\/*! elementor - v3.21.0 - 22-05-2024 *\/\n.elementor-widget-text-editor.elementor-drop-cap-view-stacked .elementor-drop-cap{background-color:#69727d;color:#fff}.elementor-widget-text-editor.elementor-drop-cap-view-framed .elementor-drop-cap{color:#69727d;border:3px solid;background-color:transparent}.elementor-widget-text-editor:not(.elementor-drop-cap-view-default) .elementor-drop-cap{margin-top:8px}.elementor-widget-text-editor:not(.elementor-drop-cap-view-default) .elementor-drop-cap-letter{width:1em;height:1em}.elementor-widget-text-editor .elementor-drop-cap{float:left;text-align:center;line-height:1;font-size:50px}.elementor-widget-text-editor .elementor-drop-cap-letter{display:inline-block}<\/style>\t\t\t\t<p style=\"text-align: left;\">Et si tout ce que vous pensiez savoir n&rsquo;\u00e9tait qu&rsquo;un \u00e9clat de v\u00e9rit\u00e9 ?<br \/>Des r\u00e9cits in\u00e9dits que l&rsquo;on ne montre jamais, des voix que l&rsquo;on n&rsquo;entend pas.<br \/>Ce film va bouleverser votre regard.<\/p>\t\t\t\t\t\t<\/div>\n\t\t\t\t<\/div>\n\t\t\t\t<div class=\"elementor-element elementor-element-ad36f28 elementor-widget elementor-widget-text-editor\" data-id=\"ad36f28\" data-element_type=\"widget\" data-widget_type=\"text-editor.default\">\n\t\t\t\t<div class=\"elementor-widget-container\">\n\t\t\t\t\t\t\t<h4 style=\"text-align: center;\"><strong>Avant-premi\u00e8re exceptionnelle de From Ground Zero<\/strong><\/h4><h4 style=\"text-align: center;\">Vendredi 7 f\u00e9vrier 2025 \u00e0 20h30<\/h4><h4 style=\"text-align: center;\">Cin\u00e9ma du Th\u00e9\u00e2tre National de Bretagne \u2013 Rennes<\/h4>\t\t\t\t\t\t<\/div>\n\t\t\t\t<\/div>\n\t\t<div class=\"elementor-element elementor-element-6ad776f e-grid e-con-boxed e-con e-child\" data-id=\"6ad776f\" data-element_type=\"container\">\n\t\t\t\t\t<div class=\"e-con-inner\">\n\t\t\t\t<div class=\"elementor-element elementor-element-948c68d elementor-widget elementor-widget-text-editor\" data-id=\"948c68d\" data-element_type=\"widget\" data-widget_type=\"text-editor.default\">\n\t\t\t\t<div class=\"elementor-widget-container\">\n\t\t\t\t\t\t\t<p style=\"text-align: justify;\">D\u00e9couvrez <em><strong>From Ground Zero<\/strong><\/em>, une anthologie vibrante de <strong>22 courts-m\u00e9trages<\/strong> r\u00e9alis\u00e9s par des <strong>cin\u00e9astes palestinien.nes<\/strong>, r\u00e9unis en 112 minutes, d&rsquo;une intensit\u00e9 rare.<\/p>\n<p style=\"text-align: justify;\">Chaque fragment de ce film est un souffle de vie, un \u00e9cho d&rsquo;espoir, un cri de r\u00e9silience port\u00e9 par des voix trop souvent r\u00e9duites au silence.<\/p>\n<p style=\"text-align: justify;\">Cette soir\u00e9e unique sera marqu\u00e9e par la pr\u00e9sence exceptionnelle de l&rsquo;\u00e9quipe du film :<\/p>\n\u2728 Laura Nikolov , productrice engag\u00e9e<br>\n\u2728 Rashid Masharawi , initiateur de ce projet audacieux<br>\n\u2728 Et d&rsquo;autres membres essentiels \u2013 monteurs, mixeurs, conseillers artistiques, assistants de production \u2026\t\t\t\t\t\t<\/div>\n\t\t\t\t<\/div>\n\t\t\t\t<div class=\"elementor-element elementor-element-481d60a elementor-widget elementor-widget-image\" data-id=\"481d60a\" data-element_type=\"widget\" data-widget_type=\"image.default\">\n\t\t\t\t<div class=\"elementor-widget-container\">\n\t\t\t<style>\/*! elementor - v3.21.0 - 22-05-2024 *\/\n.elementor-widget-image{text-align:center}.elementor-widget-image a{display:inline-block}.elementor-widget-image a img[src$=\".svg\"]{width:48px}.elementor-widget-image img{vertical-align:middle;display:inline-block}<\/style>\t\t\t\t\t\t\t\t\t\t<img fetchpriority=\"high\" decoding=\"async\" width=\"225\" height=\"300\" src=\"https:\/\/www.coorigines-production.fr\/wp-content\/uploads\/2024\/02\/120x160-poster-1-225x300.webp\" class=\"attachment-medium size-medium wp-image-1995\" alt=\"\" srcset=\"https:\/\/www.coorigines-production.fr\/wp-content\/uploads\/2024\/02\/120x160-poster-1-225x300.webp 225w, https:\/\/www.coorigines-production.fr\/wp-content\/uploads\/2024\/02\/120x160-poster-1-768x1024.webp 768w, https:\/\/www.coorigines-production.fr\/wp-content\/uploads\/2024\/02\/120x160-poster-1-9x12.webp 9w, https:\/\/www.coorigines-production.fr\/wp-content\/uploads\/2024\/02\/120x160-poster-1.webp 1080w\" sizes=\"(max-width: 225px) 100vw, 225px\" \/>\t\t\t\t\t\t\t\t\t\t\t\t\t<\/div>\n\t\t\t\t<\/div>\n\t\t\t\t\t<\/div>\n\t\t\t\t<\/div>\n\t\t\t\t\t<\/div>\n\t\t\t\t<\/div>\n\t\t<div class=\"elementor-element elementor-element-9fbaebf e-flex e-con-boxed e-con e-parent\" data-id=\"9fbaebf\" data-element_type=\"container\">\n\t\t\t\t\t<div class=\"e-con-inner\">\n\t\t\t\t<div class=\"elementor-element elementor-element-51b2188 elementor-widget elementor-widget-text-editor\" data-id=\"51b2188\" data-element_type=\"widget\" data-widget_type=\"text-editor.default\">\n\t\t\t\t<div class=\"elementor-widget-container\">\n\t\t\t\t\t\t\t<p style=\"text-align: center;\">Venez nombreux, nous vous y attendons avec impatience !<br \/><a href=\"https:\/\/indiv.themisweb.fr\/0146\/fChoixSeanceWidget.aspx?idstructure=0146&amp;EventId=3739&amp;request=QcE+w0WHSuCrdzO19f33cfvmsvdfaTm0K\/WnbBs1u6NZaxmJAyw\/7FEnv0eDHHL6nNwS9UHc2Sc=\" target=\"_blank\" rel=\"noopener\">Pour r\u00e9server vos billets, cliquez ici.<\/a><\/p>\t\t\t\t\t\t<\/div>\n\t\t\t\t<\/div>\n\t\t<div class=\"elementor-element elementor-element-56a39f9 e-grid e-con-boxed e-con e-child\" data-id=\"56a39f9\" data-element_type=\"container\">\n\t\t\t\t\t<div class=\"e-con-inner\">\n\t\t\t\t<div class=\"elementor-element elementor-element-a4e1d2a elementor-hidden-desktop elementor-hidden-tablet elementor-hidden-mobile elementor-widget elementor-widget-text-editor\" data-id=\"a4e1d2a\" data-element_type=\"widget\" data-widget_type=\"text-editor.default\">\n\t\t\t\t<div class=\"elementor-widget-container\">\n\t\t\t\t\t\t\t<h4>A Selection at the Cairo International Film Festival: A Mark of Recognition<\/h4><p style=\"text-align: justify;\">The selection of<em> Passing Dreams<\/em> as the opening feature for the <strong>Cairo International Film Festival<\/strong> is a mark of recognition for the entire team and for Palestinian cinema. This film is an invitation to journey through Palestine from the perspective of its youth.<\/p><p><strong>Additional screenings of<em> Passing Dreams<\/em><\/strong> are planned after the premiere at the Cairo International Film Festival. Follow us on social media to stay updated on upcoming announcements.<\/p>\t\t\t\t\t\t<\/div>\n\t\t\t\t<\/div>\n\t\t\t\t<div class=\"elementor-element elementor-element-1c8059c elementor-hidden-desktop elementor-hidden-tablet elementor-hidden-mobile elementor-widget elementor-widget-image\" data-id=\"1c8059c\" data-element_type=\"widget\" data-widget_type=\"image.default\">\n\t\t\t\t<div class=\"elementor-widget-container\">\n\t\t\t\t\t\t\t\t\t\t\t\t\t<img decoding=\"async\" width=\"819\" height=\"1024\" src=\"https:\/\/www.coorigines-production.fr\/wp-content\/uploads\/2024\/10\/53-819x1024.jpg\" class=\"attachment-large size-large wp-image-1776\" alt=\"Affiche officielle du Cairo International Film Festival\" srcset=\"https:\/\/www.coorigines-production.fr\/wp-content\/uploads\/2024\/10\/53-819x1024.jpg 819w, https:\/\/www.coorigines-production.fr\/wp-content\/uploads\/2024\/10\/53-240x300.jpg 240w, https:\/\/www.coorigines-production.fr\/wp-content\/uploads\/2024\/10\/53-768x960.jpg 768w, https:\/\/www.coorigines-production.fr\/wp-content\/uploads\/2024\/10\/53-10x12.jpg 10w, https:\/\/www.coorigines-production.fr\/wp-content\/uploads\/2024\/10\/53.jpg 1080w\" sizes=\"(max-width: 819px) 100vw, 819px\" \/>\t\t\t\t\t\t\t\t\t\t\t\t\t<\/div>\n\t\t\t\t<\/div>\n\t\t\t\t\t<\/div>\n\t\t\t\t<\/div>\n\t\t\t\t\t<\/div>\n\t\t\t\t<\/div>\n\t\t\t\t<\/div>","protected":false},"excerpt":{"rendered":"<p>Et si tout ce que vous pensiez savoir n&rsquo;\u00e9tait qu&rsquo;un \u00e9clat de v\u00e9rit\u00e9 ?Des r\u00e9cits in\u00e9dits que l&rsquo;on ne montre jamais, des voix que l&rsquo;on n&rsquo;entend pas.Ce film va bouleverser votre regard. Avant-premi\u00e8re exceptionnelle de From Ground Zero Vendredi 7 f\u00e9vrier 2025 \u00e0 20h30 Cin\u00e9ma du Th\u00e9\u00e2tre National de Bretagne \u2013 Rennes D\u00e9couvrez From Ground [&hellip;]<\/p>","protected":false},"author":1,"featured_media":0,"comment_status":"open","ping_status":"open","sticky":false,"template":"","format":"standard","meta":{"_uag_custom_page_level_css":"","footnotes":""},"categories":[10,1,11],"tags":[],"class_list":["post-2096","post","type-post","status-publish","format-standard","hentry","category-producing","category-uncategorized","category-world-cinema","entry"],"yoast_head":"<!-- This site is optimized with the Yoast SEO plugin v23.9 - https:\/\/yoast.com\/wordpress\/plugins\/seo\/ -->\n<title>From Ground en avant premi\u00e8re \u00e0 Rennes - COORIGINES PRODUCTION<\/title>\n<meta name=\"description\" content=\"Songe, le nouveau film de Rashid Masharawi, ouvrira le Cairo International Film Festival. Suivez l&#039;histoire de Sami \u00e0 travers sa Palestine.\" \/>\n<meta name=\"robots\" content=\"index, follow, max-snippet:-1, max-image-preview:large, max-video-preview:-1\" \/>\n<link rel=\"canonical\" href=\"https:\/\/www.coorigines-production.fr\/en\/from-ground-zero-en-avant-premiere-a-rennes-2\/\" \/>\n<meta property=\"og:locale\" content=\"en_GB\" \/>\n<meta property=\"og:type\" content=\"article\" \/>\n<meta property=\"og:title\" content=\"From Ground en avant premi\u00e8re \u00e0 Rennes - COORIGINES PRODUCTION\" \/>\n<meta property=\"og:description\" content=\"Songe, le nouveau film de Rashid Masharawi, ouvrira le Cairo International Film Festival. Suivez l&#039;histoire de Sami \u00e0 travers sa Palestine.\" \/>\n<meta property=\"og:url\" content=\"https:\/\/www.coorigines-production.fr\/en\/from-ground-zero-en-avant-premiere-a-rennes-2\/\" \/>\n<meta property=\"og:site_name\" content=\"COORIGINES PRODUCTION\" \/>\n<meta property=\"article:published_time\" content=\"2025-11-20T11:24:39+00:00\" \/>\n<meta property=\"og:image\" content=\"https:\/\/www.coorigines-production.fr\/wp-content\/uploads\/2024\/02\/120x160-poster-1.webp\" \/>\n\t<meta property=\"og:image:width\" content=\"1080\" \/>\n\t<meta property=\"og:image:height\" content=\"1440\" \/>\n\t<meta property=\"og:image:type\" content=\"image\/webp\" \/>\n<meta name=\"author\" content=\"admin\" \/>\n<meta name=\"twitter:card\" content=\"summary_large_image\" \/>\n<meta name=\"twitter:label1\" content=\"Written by\" \/>\n\t<meta name=\"twitter:data1\" content=\"admin\" \/>\n\t<meta name=\"twitter:label2\" content=\"Estimated reading time\" \/>\n\t<meta name=\"twitter:data2\" content=\"2 minutes\" \/>\n<script type=\"application\/ld+json\" class=\"yoast-schema-graph\">{\"@context\":\"https:\/\/schema.org\",\"@graph\":[{\"@type\":\"WebPage\",\"@id\":\"https:\/\/www.coorigines-production.fr\/from-ground-zero-en-avant-premiere-a-rennes-2\/\",\"url\":\"https:\/\/www.coorigines-production.fr\/from-ground-zero-en-avant-premiere-a-rennes-2\/\",\"name\":\"From Ground en avant premi\u00e8re \u00e0 Rennes - COORIGINES PRODUCTION\",\"isPartOf\":{\"@id\":\"https:\/\/www.coorigines-production.fr\/#website\"},\"primaryImageOfPage\":{\"@id\":\"https:\/\/www.coorigines-production.fr\/from-ground-zero-en-avant-premiere-a-rennes-2\/#primaryimage\"},\"image\":{\"@id\":\"https:\/\/www.coorigines-production.fr\/from-ground-zero-en-avant-premiere-a-rennes-2\/#primaryimage\"},\"thumbnailUrl\":\"https:\/\/www.coorigines-production.fr\/wp-content\/uploads\/2024\/02\/120x160-poster-1-225x300.webp\",\"datePublished\":\"2025-11-20T11:24:39+00:00\",\"dateModified\":\"2025-11-20T11:24:39+00:00\",\"author\":{\"@id\":\"https:\/\/www.coorigines-production.fr\/#\/schema\/person\/73097340637d8bab92b5de3f88a96f54\"},\"description\":\"Songe, le nouveau film de Rashid Masharawi, ouvrira le Cairo International Film Festival. Suivez l'histoire de Sami \u00e0 travers sa Palestine.\",\"breadcrumb\":{\"@id\":\"https:\/\/www.coorigines-production.fr\/from-ground-zero-en-avant-premiere-a-rennes-2\/#breadcrumb\"},\"inLanguage\":\"en-GB\",\"potentialAction\":[{\"@type\":\"ReadAction\",\"target\":[\"https:\/\/www.coorigines-production.fr\/from-ground-zero-en-avant-premiere-a-rennes-2\/\"]}]},{\"@type\":\"ImageObject\",\"inLanguage\":\"en-GB\",\"@id\":\"https:\/\/www.coorigines-production.fr\/from-ground-zero-en-avant-premiere-a-rennes-2\/#primaryimage\",\"url\":\"https:\/\/www.coorigines-production.fr\/wp-content\/uploads\/2024\/02\/120x160-poster-1-225x300.webp\",\"contentUrl\":\"https:\/\/www.coorigines-production.fr\/wp-content\/uploads\/2024\/02\/120x160-poster-1-225x300.webp\"},{\"@type\":\"BreadcrumbList\",\"@id\":\"https:\/\/www.coorigines-production.fr\/from-ground-zero-en-avant-premiere-a-rennes-2\/#breadcrumb\",\"itemListElement\":[{\"@type\":\"ListItem\",\"position\":1,\"name\":\"Home\",\"item\":\"https:\/\/www.coorigines-production.fr\/\"},{\"@type\":\"ListItem\",\"position\":2,\"name\":\"From Ground en avant premi\u00e8re \u00e0 Rennes\"}]},{\"@type\":\"WebSite\",\"@id\":\"https:\/\/www.coorigines-production.fr\/#website\",\"url\":\"https:\/\/www.coorigines-production.fr\/\",\"name\":\"COORIGINES PRODUCTION\",\"description\":\"\",\"potentialAction\":[{\"@type\":\"SearchAction\",\"target\":{\"@type\":\"EntryPoint\",\"urlTemplate\":\"https:\/\/www.coorigines-production.fr\/?s={search_term_string}\"},\"query-input\":{\"@type\":\"PropertyValueSpecification\",\"valueRequired\":true,\"valueName\":\"search_term_string\"}}],\"inLanguage\":\"en-GB\"},{\"@type\":\"Person\",\"@id\":\"https:\/\/www.coorigines-production.fr\/#\/schema\/person\/73097340637d8bab92b5de3f88a96f54\",\"name\":\"admin\",\"image\":{\"@type\":\"ImageObject\",\"inLanguage\":\"en-GB\",\"@id\":\"https:\/\/www.coorigines-production.fr\/#\/schema\/person\/image\/\",\"url\":\"https:\/\/secure.gravatar.com\/avatar\/976d1bc16d7135ec5362c735852b17a323c4e1da08b7cf9bf52a466d5f7e2942?s=96&d=mm&r=g\",\"contentUrl\":\"https:\/\/secure.gravatar.com\/avatar\/976d1bc16d7135ec5362c735852b17a323c4e1da08b7cf9bf52a466d5f7e2942?s=96&d=mm&r=g\",\"caption\":\"admin\"},\"sameAs\":[\"https:\/\/www.coorigines-production.fr\"],\"url\":\"https:\/\/www.coorigines-production.fr\/en\/author\/admin\/\"}]}<\/script>\n<!-- \/ Yoast SEO plugin. -->","yoast_head_json":{"title":"From Ground en avant premi\u00e8re \u00e0 Rennes - COORIGINES PRODUCTION","description":"Songe, le nouveau film de Rashid Masharawi, ouvrira le Cairo International Film Festival. Suivez l'histoire de Sami \u00e0 travers sa Palestine.","robots":{"index":"index","follow":"follow","max-snippet":"max-snippet:-1","max-image-preview":"max-image-preview:large","max-video-preview":"max-video-preview:-1"},"canonical":"https:\/\/www.coorigines-production.fr\/en\/from-ground-zero-en-avant-premiere-a-rennes-2\/","og_locale":"en_GB","og_type":"article","og_title":"From Ground en avant premi\u00e8re \u00e0 Rennes - COORIGINES PRODUCTION","og_description":"Songe, le nouveau film de Rashid Masharawi, ouvrira le Cairo International Film Festival. Suivez l'histoire de Sami \u00e0 travers sa Palestine.","og_url":"https:\/\/www.coorigines-production.fr\/en\/from-ground-zero-en-avant-premiere-a-rennes-2\/","og_site_name":"COORIGINES PRODUCTION","article_published_time":"2025-11-20T11:24:39+00:00","og_image":[{"width":1080,"height":1440,"url":"https:\/\/www.coorigines-production.fr\/wp-content\/uploads\/2024\/02\/120x160-poster-1.webp","type":"image\/webp"}],"author":"admin","twitter_card":"summary_large_image","twitter_misc":{"Written by":"admin","Estimated reading time":"2 minutes"},"schema":{"@context":"https:\/\/schema.org","@graph":[{"@type":"WebPage","@id":"https:\/\/www.coorigines-production.fr\/from-ground-zero-en-avant-premiere-a-rennes-2\/","url":"https:\/\/www.coorigines-production.fr\/from-ground-zero-en-avant-premiere-a-rennes-2\/","name":"From Ground en avant premi\u00e8re \u00e0 Rennes - COORIGINES PRODUCTION","isPartOf":{"@id":"https:\/\/www.coorigines-production.fr\/#website"},"primaryImageOfPage":{"@id":"https:\/\/www.coorigines-production.fr\/from-ground-zero-en-avant-premiere-a-rennes-2\/#primaryimage"},"image":{"@id":"https:\/\/www.coorigines-production.fr\/from-ground-zero-en-avant-premiere-a-rennes-2\/#primaryimage"},"thumbnailUrl":"https:\/\/www.coorigines-production.fr\/wp-content\/uploads\/2024\/02\/120x160-poster-1-225x300.webp","datePublished":"2025-11-20T11:24:39+00:00","dateModified":"2025-11-20T11:24:39+00:00","author":{"@id":"https:\/\/www.coorigines-production.fr\/#\/schema\/person\/73097340637d8bab92b5de3f88a96f54"},"description":"Songe, le nouveau film de Rashid Masharawi, ouvrira le Cairo International Film Festival. Suivez l'histoire de Sami \u00e0 travers sa Palestine.","breadcrumb":{"@id":"https:\/\/www.coorigines-production.fr\/from-ground-zero-en-avant-premiere-a-rennes-2\/#breadcrumb"},"inLanguage":"en-GB","potentialAction":[{"@type":"ReadAction","target":["https:\/\/www.coorigines-production.fr\/from-ground-zero-en-avant-premiere-a-rennes-2\/"]}]},{"@type":"ImageObject","inLanguage":"en-GB","@id":"https:\/\/www.coorigines-production.fr\/from-ground-zero-en-avant-premiere-a-rennes-2\/#primaryimage","url":"https:\/\/www.coorigines-production.fr\/wp-content\/uploads\/2024\/02\/120x160-poster-1-225x300.webp","contentUrl":"https:\/\/www.coorigines-production.fr\/wp-content\/uploads\/2024\/02\/120x160-poster-1-225x300.webp"},{"@type":"BreadcrumbList","@id":"https:\/\/www.coorigines-production.fr\/from-ground-zero-en-avant-premiere-a-rennes-2\/#breadcrumb","itemListElement":[{"@type":"ListItem","position":1,"name":"Home","item":"https:\/\/www.coorigines-production.fr\/"},{"@type":"ListItem","position":2,"name":"From Ground en avant premi\u00e8re \u00e0 Rennes"}]},{"@type":"WebSite","@id":"https:\/\/www.coorigines-production.fr\/#website","url":"https:\/\/www.coorigines-production.fr\/","name":"COORIGINES PRODUCTION","description":"","potentialAction":[{"@type":"SearchAction","target":{"@type":"EntryPoint","urlTemplate":"https:\/\/www.coorigines-production.fr\/?s={search_term_string}"},"query-input":{"@type":"PropertyValueSpecification","valueRequired":true,"valueName":"search_term_string"}}],"inLanguage":"en-GB"},{"@type":"Person","@id":"https:\/\/www.coorigines-production.fr\/#\/schema\/person\/73097340637d8bab92b5de3f88a96f54","name":"admin","image":{"@type":"ImageObject","inLanguage":"en-GB","@id":"https:\/\/www.coorigines-production.fr\/#\/schema\/person\/image\/","url":"https:\/\/secure.gravatar.com\/avatar\/976d1bc16d7135ec5362c735852b17a323c4e1da08b7cf9bf52a466d5f7e2942?s=96&d=mm&r=g","contentUrl":"https:\/\/secure.gravatar.com\/avatar\/976d1bc16d7135ec5362c735852b17a323c4e1da08b7cf9bf52a466d5f7e2942?s=96&d=mm&r=g","caption":"admin"},"sameAs":["https:\/\/www.coorigines-production.fr"],"url":"https:\/\/www.coorigines-production.fr\/en\/author\/admin\/"}]}},"uagb_featured_image_src":{"full":false,"thumbnail":false,"medium":false,"medium_large":false,"large":false,"1536x1536":false,"2048x2048":false,"trp-custom-language-flag":false,"ocean-thumb-m":false,"ocean-thumb-ml":false,"ocean-thumb-l":false},"uagb_author_info":{"display_name":"admin","author_link":"https:\/\/www.coorigines-production.fr\/en\/author\/admin\/"},"uagb_comment_info":1,"uagb_excerpt":"Et si tout ce que vous pensiez savoir n&rsquo;\u00e9tait qu&rsquo;un \u00e9clat de v\u00e9rit\u00e9 ?Des r\u00e9cits in\u00e9dits que l&rsquo;on ne montre jamais, des voix que l&rsquo;on n&rsquo;entend pas.Ce film va bouleverser votre regard. Avant-premi\u00e8re exceptionnelle de From Ground Zero Vendredi 7 f\u00e9vrier 2025 \u00e0 20h30 Cin\u00e9ma du Th\u00e9\u00e2tre National de Bretagne \u2013 Rennes D\u00e9couvrez From Ground&hellip;","_links":{"self":[{"href":"https:\/\/www.coorigines-production.fr\/en\/wp-json\/wp\/v2\/posts\/2096","targetHints":{"allow":["GET"]}}],"collection":[{"href":"https:\/\/www.coorigines-production.fr\/en\/wp-json\/wp\/v2\/posts"}],"about":[{"href":"https:\/\/www.coorigines-production.fr\/en\/wp-json\/wp\/v2\/types\/post"}],"author":[{"embeddable":true,"href":"https:\/\/www.coorigines-production.fr\/en\/wp-json\/wp\/v2\/users\/1"}],"replies":[{"embeddable":true,"href":"https:\/\/www.coorigines-production.fr\/en\/wp-json\/wp\/v2\/comments?post=2096"}],"version-history":[{"count":3,"href":"https:\/\/www.coorigines-production.fr\/en\/wp-json\/wp\/v2\/posts\/2096\/revisions"}],"predecessor-version":[{"id":4461,"href":"https:\/\/www.coorigines-production.fr\/en\/wp-json\/wp\/v2\/posts\/2096\/revisions\/4461"}],"wp:attachment":[{"href":"https:\/\/www.coorigines-production.fr\/en\/wp-json\/wp\/v2\/media?parent=2096"}],"wp:term":[{"taxonomy":"category","embeddable":true,"href":"https:\/\/www.coorigines-production.fr\/en\/wp-json\/wp\/v2\/categories?post=2096"},{"taxonomy":"post_tag","embeddable":true,"href":"https:\/\/www.coorigines-production.fr\/en\/wp-json\/wp\/v2\/tags?post=2096"}],"curies":[{"name":"wp","href":"https:\/\/api.w.org\/{rel}","templated":true}]}}