{"id":806,"date":"2024-04-13T08:17:30","date_gmt":"2024-04-13T08:17:30","guid":{"rendered":"https:\/\/www.coorigines-production.fr\/?p=806"},"modified":"2025-02-06T10:10:03","modified_gmt":"2025-02-06T10:10:03","slug":"le-projet-ground-zero-a-visions-du-reel-2024","status":"publish","type":"post","link":"https:\/\/www.coorigines-production.fr\/en\/le-projet-ground-zero-a-visions-du-reel-2024\/","title":{"rendered":"Le projet Ground Zero \u00e0 Visions du R\u00e9el 2024"},"content":{"rendered":"<div data-elementor-type=\"wp-post\" data-elementor-id=\"806\" class=\"elementor elementor-806\" data-elementor-post-type=\"post\">\n\t\t\t\t<div class=\"elementor-element elementor-element-15ced747 e-flex e-con-boxed e-con e-parent\" data-id=\"15ced747\" data-element_type=\"container\">\n\t\t\t\t\t<div class=\"e-con-inner\">\n\t\t\t\t<div class=\"elementor-element elementor-element-e8e02f4 elementor-widget elementor-widget-image\" data-id=\"e8e02f4\" data-element_type=\"widget\" data-widget_type=\"image.default\">\n\t\t\t\t<div class=\"elementor-widget-container\">\n\t\t\t<style>\/*! elementor - v3.21.0 - 22-05-2024 *\/\n.elementor-widget-image{text-align:center}.elementor-widget-image a{display:inline-block}.elementor-widget-image a img[src$=\".svg\"]{width:48px}.elementor-widget-image img{vertical-align:middle;display:inline-block}<\/style>\t\t\t\t\t\t\t\t\t\t\t<a href=\"https:\/\/www.visionsdureel.ch\/en\/event\/2024\/the-ground-zero-project-creating-against-all-odds\/\" target=\"_blank\">\n\t\t\t\t\t\t\t<img decoding=\"async\" src=\"https:\/\/www.coorigines-production.fr\/wp-content\/uploads\/2024\/04\/karim_ground_zero-e1712996812667.jpeg\" title=\"karim_ground_zero\" alt=\"Ground Zero\" loading=\"lazy\" \/>\t\t\t\t\t\t\t\t<\/a>\n\t\t\t\t\t\t\t\t\t\t\t\t\t<\/div>\n\t\t\t\t<\/div>\n\t\t\t\t<div class=\"elementor-element elementor-element-6df98799 elementor-widget elementor-widget-text-editor\" data-id=\"6df98799\" data-element_type=\"widget\" data-widget_type=\"text-editor.default\">\n\t\t\t\t<div class=\"elementor-widget-container\">\n\t\t\t<style>\/*! elementor - v3.21.0 - 22-05-2024 *\/\n.elementor-widget-text-editor.elementor-drop-cap-view-stacked .elementor-drop-cap{background-color:#69727d;color:#fff}.elementor-widget-text-editor.elementor-drop-cap-view-framed .elementor-drop-cap{color:#69727d;border:3px solid;background-color:transparent}.elementor-widget-text-editor:not(.elementor-drop-cap-view-default) .elementor-drop-cap{margin-top:8px}.elementor-widget-text-editor:not(.elementor-drop-cap-view-default) .elementor-drop-cap-letter{width:1em;height:1em}.elementor-widget-text-editor .elementor-drop-cap{float:left;text-align:center;line-height:1;font-size:50px}.elementor-widget-text-editor .elementor-drop-cap-letter{display:inline-block}<\/style>\t\t\t\t<p align=\"justify\"><strong>Ce dimanche 14 avril 2024<\/strong>, retrouvez <strong>Rashid Masharawi<\/strong>, <strong>Dora Bouchoucha<\/strong> et <strong>Nicolas Wadimoff<\/strong> au festival <em>Visions du R\u00e9el 2024<\/em> pour une table ronde anim\u00e9e par <strong>Jasmin Basic<\/strong>.<\/p>\n<p align=\"justify\">Leurs \u00e9changes porteront sur&nbsp; le projet <em>Ground Zero<\/em>, une initative soutenue par Coorigines Production et le <a href=\"https:\/\/www.masharawifilms.org\/\" target=\"_blank\" rel=\"noopener\">Masharawi Fund for Films &amp; Filmmakers in Gaza<\/a> \u00e0 destination de talents \u00e9mergents en Palestine.<\/p>\n<p align=\"justify\"><a href=\"https:\/\/www.visionsdureel.ch\/en\/event\/2024\/the-ground-zero-project-creating-against-all-odds\/\" target=\"_blank\" rel=\"noopener\">Plus d&rsquo;informations ici<\/a>.<\/p>\t\t\t\t\t\t<\/div>\n\t\t\t\t<\/div>\n\t\t\t\t\t<\/div>\n\t\t\t\t<\/div>\n\t\t<div class=\"elementor-element elementor-element-23f773a e-flex e-con-boxed e-con e-parent\" data-id=\"23f773a\" data-element_type=\"container\">\n\t\t\t\t\t<div class=\"e-con-inner\">\n\t\t\t\t\t<\/div>\n\t\t\t\t<\/div>\n\t\t\t\t<\/div>","protected":false},"excerpt":{"rendered":"<p>Ce dimanche 14 avril 2024, retrouvez Rashid Masharawi, Dora Bouchoucha et Nicolas Wadimoff au festival Visions du R\u00e9el 2024 pour une table ronde anim\u00e9e par Jasmin Basic. Leurs \u00e9changes porteront sur&nbsp; le projet Ground Zero, une initative soutenue par Coorigines Production et le Masharawi Fund for Films &amp; Filmmakers in Gaza \u00e0 destination de talents [&hellip;]<\/p>","protected":false},"author":1,"featured_media":0,"comment_status":"closed","ping_status":"open","sticky":false,"template":"","format":"standard","meta":{"_uag_custom_page_level_css":"","footnotes":""},"categories":[10,1,11],"tags":[17,16,18],"class_list":["post-806","post","type-post","status-publish","format-standard","hentry","category-producing","category-uncategorized","category-world-cinema","tag-ground-zero","tag-rashid-masharawi","tag-visions-du-reel","entry"],"yoast_head":"<!-- This site is optimized with the Yoast SEO plugin v23.9 - https:\/\/yoast.com\/wordpress\/plugins\/seo\/ -->\n<title>Le projet Ground Zero \u00e0 Visions du R\u00e9el 2024 - COORIGINES PRODUCTION<\/title>\n<meta name=\"robots\" content=\"index, follow, max-snippet:-1, max-image-preview:large, max-video-preview:-1\" \/>\n<link rel=\"canonical\" href=\"https:\/\/www.coorigines-production.fr\/en\/le-projet-ground-zero-a-visions-du-reel-2024\/\" \/>\n<meta property=\"og:locale\" content=\"en_GB\" \/>\n<meta property=\"og:type\" content=\"article\" \/>\n<meta property=\"og:title\" content=\"Le projet Ground Zero \u00e0 Visions du R\u00e9el 2024 - COORIGINES PRODUCTION\" \/>\n<meta property=\"og:description\" content=\"Ce dimanche 14 avril 2024, retrouvez Rashid Masharawi, Dora Bouchoucha et Nicolas Wadimoff au festival Visions du R\u00e9el 2024 pour une table ronde anim\u00e9e par Jasmin Basic. Leurs \u00e9changes porteront sur&nbsp; le projet Ground Zero, une initative soutenue par Coorigines Production et le Masharawi Fund for Films &amp; Filmmakers in Gaza \u00e0 destination de talents [&hellip;]\" \/>\n<meta property=\"og:url\" content=\"https:\/\/www.coorigines-production.fr\/en\/le-projet-ground-zero-a-visions-du-reel-2024\/\" \/>\n<meta property=\"og:site_name\" content=\"COORIGINES PRODUCTION\" \/>\n<meta property=\"article:published_time\" content=\"2024-04-13T08:17:30+00:00\" \/>\n<meta property=\"article:modified_time\" content=\"2025-02-06T10:10:03+00:00\" \/>\n<meta property=\"og:image\" content=\"https:\/\/www.coorigines-production.fr\/wp-content\/uploads\/2024\/04\/karim_ground_zero-e1712996812667.jpeg\" \/>\n<meta name=\"author\" content=\"admin\" \/>\n<meta name=\"twitter:card\" content=\"summary_large_image\" \/>\n<meta name=\"twitter:label1\" content=\"Written by\" \/>\n\t<meta name=\"twitter:data1\" content=\"admin\" \/>\n\t<meta name=\"twitter:label2\" content=\"Estimated reading time\" \/>\n\t<meta name=\"twitter:data2\" content=\"1 minute\" \/>\n<script type=\"application\/ld+json\" class=\"yoast-schema-graph\">{\"@context\":\"https:\/\/schema.org\",\"@graph\":[{\"@type\":\"WebPage\",\"@id\":\"https:\/\/www.coorigines-production.fr\/le-projet-ground-zero-a-visions-du-reel-2024\/\",\"url\":\"https:\/\/www.coorigines-production.fr\/le-projet-ground-zero-a-visions-du-reel-2024\/\",\"name\":\"Le projet Ground Zero \u00e0 Visions du R\u00e9el 2024 - COORIGINES PRODUCTION\",\"isPartOf\":{\"@id\":\"https:\/\/www.coorigines-production.fr\/#website\"},\"primaryImageOfPage\":{\"@id\":\"https:\/\/www.coorigines-production.fr\/le-projet-ground-zero-a-visions-du-reel-2024\/#primaryimage\"},\"image\":{\"@id\":\"https:\/\/www.coorigines-production.fr\/le-projet-ground-zero-a-visions-du-reel-2024\/#primaryimage\"},\"thumbnailUrl\":\"https:\/\/www.coorigines-production.fr\/wp-content\/uploads\/2024\/04\/karim_ground_zero-e1712996812667.jpeg\",\"datePublished\":\"2024-04-13T08:17:30+00:00\",\"dateModified\":\"2025-02-06T10:10:03+00:00\",\"author\":{\"@id\":\"https:\/\/www.coorigines-production.fr\/#\/schema\/person\/73097340637d8bab92b5de3f88a96f54\"},\"breadcrumb\":{\"@id\":\"https:\/\/www.coorigines-production.fr\/le-projet-ground-zero-a-visions-du-reel-2024\/#breadcrumb\"},\"inLanguage\":\"en-GB\",\"potentialAction\":[{\"@type\":\"ReadAction\",\"target\":[\"https:\/\/www.coorigines-production.fr\/le-projet-ground-zero-a-visions-du-reel-2024\/\"]}]},{\"@type\":\"ImageObject\",\"inLanguage\":\"en-GB\",\"@id\":\"https:\/\/www.coorigines-production.fr\/le-projet-ground-zero-a-visions-du-reel-2024\/#primaryimage\",\"url\":\"https:\/\/www.coorigines-production.fr\/wp-content\/uploads\/2024\/04\/karim_ground_zero-e1712996812667.jpeg\",\"contentUrl\":\"https:\/\/www.coorigines-production.fr\/wp-content\/uploads\/2024\/04\/karim_ground_zero-e1712996812667.jpeg\"},{\"@type\":\"BreadcrumbList\",\"@id\":\"https:\/\/www.coorigines-production.fr\/le-projet-ground-zero-a-visions-du-reel-2024\/#breadcrumb\",\"itemListElement\":[{\"@type\":\"ListItem\",\"position\":1,\"name\":\"Home\",\"item\":\"https:\/\/www.coorigines-production.fr\/\"},{\"@type\":\"ListItem\",\"position\":2,\"name\":\"Le projet Ground Zero \u00e0 Visions du R\u00e9el 2024\"}]},{\"@type\":\"WebSite\",\"@id\":\"https:\/\/www.coorigines-production.fr\/#website\",\"url\":\"https:\/\/www.coorigines-production.fr\/\",\"name\":\"COORIGINES PRODUCTION\",\"description\":\"\",\"potentialAction\":[{\"@type\":\"SearchAction\",\"target\":{\"@type\":\"EntryPoint\",\"urlTemplate\":\"https:\/\/www.coorigines-production.fr\/?s={search_term_string}\"},\"query-input\":{\"@type\":\"PropertyValueSpecification\",\"valueRequired\":true,\"valueName\":\"search_term_string\"}}],\"inLanguage\":\"en-GB\"},{\"@type\":\"Person\",\"@id\":\"https:\/\/www.coorigines-production.fr\/#\/schema\/person\/73097340637d8bab92b5de3f88a96f54\",\"name\":\"admin\",\"image\":{\"@type\":\"ImageObject\",\"inLanguage\":\"en-GB\",\"@id\":\"https:\/\/www.coorigines-production.fr\/#\/schema\/person\/image\/\",\"url\":\"https:\/\/secure.gravatar.com\/avatar\/976d1bc16d7135ec5362c735852b17a323c4e1da08b7cf9bf52a466d5f7e2942?s=96&d=mm&r=g\",\"contentUrl\":\"https:\/\/secure.gravatar.com\/avatar\/976d1bc16d7135ec5362c735852b17a323c4e1da08b7cf9bf52a466d5f7e2942?s=96&d=mm&r=g\",\"caption\":\"admin\"},\"sameAs\":[\"https:\/\/www.coorigines-production.fr\"],\"url\":\"https:\/\/www.coorigines-production.fr\/en\/author\/admin\/\"}]}<\/script>\n<!-- \/ Yoast SEO plugin. -->","yoast_head_json":{"title":"Le projet Ground Zero \u00e0 Visions du R\u00e9el 2024 - COORIGINES PRODUCTION","robots":{"index":"index","follow":"follow","max-snippet":"max-snippet:-1","max-image-preview":"max-image-preview:large","max-video-preview":"max-video-preview:-1"},"canonical":"https:\/\/www.coorigines-production.fr\/en\/le-projet-ground-zero-a-visions-du-reel-2024\/","og_locale":"en_GB","og_type":"article","og_title":"Le projet Ground Zero \u00e0 Visions du R\u00e9el 2024 - COORIGINES PRODUCTION","og_description":"Ce dimanche 14 avril 2024, retrouvez Rashid Masharawi, Dora Bouchoucha et Nicolas Wadimoff au festival Visions du R\u00e9el 2024 pour une table ronde anim\u00e9e par Jasmin Basic. Leurs \u00e9changes porteront sur&nbsp; le projet Ground Zero, une initative soutenue par Coorigines Production et le Masharawi Fund for Films &amp; Filmmakers in Gaza \u00e0 destination de talents [&hellip;]","og_url":"https:\/\/www.coorigines-production.fr\/en\/le-projet-ground-zero-a-visions-du-reel-2024\/","og_site_name":"COORIGINES PRODUCTION","article_published_time":"2024-04-13T08:17:30+00:00","article_modified_time":"2025-02-06T10:10:03+00:00","og_image":[{"url":"https:\/\/www.coorigines-production.fr\/wp-content\/uploads\/2024\/04\/karim_ground_zero-e1712996812667.jpeg"}],"author":"admin","twitter_card":"summary_large_image","twitter_misc":{"Written by":"admin","Estimated reading time":"1 minute"},"schema":{"@context":"https:\/\/schema.org","@graph":[{"@type":"WebPage","@id":"https:\/\/www.coorigines-production.fr\/le-projet-ground-zero-a-visions-du-reel-2024\/","url":"https:\/\/www.coorigines-production.fr\/le-projet-ground-zero-a-visions-du-reel-2024\/","name":"Le projet Ground Zero \u00e0 Visions du R\u00e9el 2024 - COORIGINES PRODUCTION","isPartOf":{"@id":"https:\/\/www.coorigines-production.fr\/#website"},"primaryImageOfPage":{"@id":"https:\/\/www.coorigines-production.fr\/le-projet-ground-zero-a-visions-du-reel-2024\/#primaryimage"},"image":{"@id":"https:\/\/www.coorigines-production.fr\/le-projet-ground-zero-a-visions-du-reel-2024\/#primaryimage"},"thumbnailUrl":"https:\/\/www.coorigines-production.fr\/wp-content\/uploads\/2024\/04\/karim_ground_zero-e1712996812667.jpeg","datePublished":"2024-04-13T08:17:30+00:00","dateModified":"2025-02-06T10:10:03+00:00","author":{"@id":"https:\/\/www.coorigines-production.fr\/#\/schema\/person\/73097340637d8bab92b5de3f88a96f54"},"breadcrumb":{"@id":"https:\/\/www.coorigines-production.fr\/le-projet-ground-zero-a-visions-du-reel-2024\/#breadcrumb"},"inLanguage":"en-GB","potentialAction":[{"@type":"ReadAction","target":["https:\/\/www.coorigines-production.fr\/le-projet-ground-zero-a-visions-du-reel-2024\/"]}]},{"@type":"ImageObject","inLanguage":"en-GB","@id":"https:\/\/www.coorigines-production.fr\/le-projet-ground-zero-a-visions-du-reel-2024\/#primaryimage","url":"https:\/\/www.coorigines-production.fr\/wp-content\/uploads\/2024\/04\/karim_ground_zero-e1712996812667.jpeg","contentUrl":"https:\/\/www.coorigines-production.fr\/wp-content\/uploads\/2024\/04\/karim_ground_zero-e1712996812667.jpeg"},{"@type":"BreadcrumbList","@id":"https:\/\/www.coorigines-production.fr\/le-projet-ground-zero-a-visions-du-reel-2024\/#breadcrumb","itemListElement":[{"@type":"ListItem","position":1,"name":"Home","item":"https:\/\/www.coorigines-production.fr\/"},{"@type":"ListItem","position":2,"name":"Le projet Ground Zero \u00e0 Visions du R\u00e9el 2024"}]},{"@type":"WebSite","@id":"https:\/\/www.coorigines-production.fr\/#website","url":"https:\/\/www.coorigines-production.fr\/","name":"COORIGINES PRODUCTION","description":"","potentialAction":[{"@type":"SearchAction","target":{"@type":"EntryPoint","urlTemplate":"https:\/\/www.coorigines-production.fr\/?s={search_term_string}"},"query-input":{"@type":"PropertyValueSpecification","valueRequired":true,"valueName":"search_term_string"}}],"inLanguage":"en-GB"},{"@type":"Person","@id":"https:\/\/www.coorigines-production.fr\/#\/schema\/person\/73097340637d8bab92b5de3f88a96f54","name":"admin","image":{"@type":"ImageObject","inLanguage":"en-GB","@id":"https:\/\/www.coorigines-production.fr\/#\/schema\/person\/image\/","url":"https:\/\/secure.gravatar.com\/avatar\/976d1bc16d7135ec5362c735852b17a323c4e1da08b7cf9bf52a466d5f7e2942?s=96&d=mm&r=g","contentUrl":"https:\/\/secure.gravatar.com\/avatar\/976d1bc16d7135ec5362c735852b17a323c4e1da08b7cf9bf52a466d5f7e2942?s=96&d=mm&r=g","caption":"admin"},"sameAs":["https:\/\/www.coorigines-production.fr"],"url":"https:\/\/www.coorigines-production.fr\/en\/author\/admin\/"}]}},"uagb_featured_image_src":{"full":false,"thumbnail":false,"medium":false,"medium_large":false,"large":false,"1536x1536":false,"2048x2048":false,"trp-custom-language-flag":false,"ocean-thumb-m":false,"ocean-thumb-ml":false,"ocean-thumb-l":false},"uagb_author_info":{"display_name":"admin","author_link":"https:\/\/www.coorigines-production.fr\/en\/author\/admin\/"},"uagb_comment_info":0,"uagb_excerpt":"Ce dimanche 14 avril 2024, retrouvez Rashid Masharawi, Dora Bouchoucha et Nicolas Wadimoff au festival Visions du R\u00e9el 2024 pour une table ronde anim\u00e9e par Jasmin Basic. Leurs \u00e9changes porteront sur&nbsp; le projet Ground Zero, une initative soutenue par Coorigines Production et le Masharawi Fund for Films &amp; Filmmakers in Gaza \u00e0 destination de talents&hellip;","_links":{"self":[{"href":"https:\/\/www.coorigines-production.fr\/en\/wp-json\/wp\/v2\/posts\/806","targetHints":{"allow":["GET"]}}],"collection":[{"href":"https:\/\/www.coorigines-production.fr\/en\/wp-json\/wp\/v2\/posts"}],"about":[{"href":"https:\/\/www.coorigines-production.fr\/en\/wp-json\/wp\/v2\/types\/post"}],"author":[{"embeddable":true,"href":"https:\/\/www.coorigines-production.fr\/en\/wp-json\/wp\/v2\/users\/1"}],"replies":[{"embeddable":true,"href":"https:\/\/www.coorigines-production.fr\/en\/wp-json\/wp\/v2\/comments?post=806"}],"version-history":[{"count":15,"href":"https:\/\/www.coorigines-production.fr\/en\/wp-json\/wp\/v2\/posts\/806\/revisions"}],"predecessor-version":[{"id":3012,"href":"https:\/\/www.coorigines-production.fr\/en\/wp-json\/wp\/v2\/posts\/806\/revisions\/3012"}],"wp:attachment":[{"href":"https:\/\/www.coorigines-production.fr\/en\/wp-json\/wp\/v2\/media?parent=806"}],"wp:term":[{"taxonomy":"category","embeddable":true,"href":"https:\/\/www.coorigines-production.fr\/en\/wp-json\/wp\/v2\/categories?post=806"},{"taxonomy":"post_tag","embeddable":true,"href":"https:\/\/www.coorigines-production.fr\/en\/wp-json\/wp\/v2\/tags?post=806"}],"curies":[{"name":"wp","href":"https:\/\/api.w.org\/{rel}","templated":true}]}}